{"id":34,"date":"2023-04-06T22:44:31","date_gmt":"2023-04-06T22:44:31","guid":{"rendered":"http:\/\/localhost\/radiate\/?p=34"},"modified":"2023-04-07T21:46:50","modified_gmt":"2023-04-07T21:46:50","slug":"garlic","status":"publish","type":"post","link":"https:\/\/www.kenthakki.org\/?p=34","title":{"rendered":"Se\u00e7menlerin ve Partilerin B\u00f6lge Milletvekili Aday Kriterleri"},"content":{"rendered":"\n<div class=\"wp-block-group\"><div class=\"wp-block-group__inner-container is-layout-constrained wp-block-group-is-layout-constrained\">\n<p>B\u00f6lgenin di\u011fer b\u00f6lgelerden gerili\u011fini a\u015fman\u0131n en \u00f6nemli a\u015famalar\u0131ndan biri de b\u00f6lge se\u00e7meninin siyasi e\u011filimini bir tarafa b\u0131rakmaks\u0131z\u0131n milletvekili, belediye ba\u015fkan\u0131 ve muhtar se\u00e7imlerinde hizmet odakl\u0131 ve sorun giderici adaya yetki vermesidir. B\u00f6lge se\u00e7meni, soya, varl\u0131kl\u0131l\u0131\u011fa, n\u00fcfuza, g\u00fcce dayal\u0131; dahas\u0131, b\u00f6lgeden olmayan aday yerine liyakatl\u0131, \u00e7a\u011f\u0131n de\u011ferleriyle ya\u015fayan, yenilik\u00e7i, vizyon sahibi ve \u00fcretken adaylar\u0131 tercih etmelidir.<br>&nbsp;<br>B\u00f6lgemizin ekonomik ve sosyal geli\u015fimindeki gerilik b\u00f6lgede ya\u015fayan bireylerin temel hizmetlere eri\u015femedi\u011finin, yetersiz ya\u015fam kalitesinin ve b\u00f6lgede \u00fcretilen refah\u0131n b\u00f6lge toplumunun her bir kesimine ula\u015famad\u0131\u011f\u0131n\u0131n g\u00f6stergesidir. B\u00f6lgenin d\u00fc\u015f\u00fck sosyoekonomik d\u00fczeyi T\u00fcrkiye\u2019nin dengeli kalk\u0131nmas\u0131na katk\u0131 sa\u011flayamamakta; stratejik, operasyonel ve kurumsal anlamda yakalanan genel ivmeye ula\u015famamaktad\u0131r. Sorunlar deprem nedeniyle daha da derinle\u015fmi\u015ftir.<\/p>\n<\/div><\/div>\n\n\n\n<div class=\"wp-block-group\"><div class=\"wp-block-group__inner-container is-layout-constrained wp-block-group-is-layout-constrained\"><div class=\"wp-block-image\">\n<figure class=\"aligncenter size-full is-resized\"><img loading=\"lazy\" decoding=\"async\" src=\"https:\/\/www.kenthakki.org\/wp-content\/uploads\/2023\/04\/resim-2.jpg\" alt=\"\" class=\"wp-image-343\" width=\"1022\" height=\"1410\"\/><\/figure>\n<\/div>\n\n\n<!--more-->\n<\/div><\/div>\n\n\n\n<div class=\"wp-block-group\"><div class=\"wp-block-group__inner-container is-layout-constrained wp-block-group-is-layout-constrained\">\n<p><br>Se\u00e7imle g\u00f6reve ba\u015flayan kimi milletvekillerinin de kente yabanc\u0131 oldu\u011fu, kamu hizmetinde ve y\u00f6netiminde zorland\u0131\u011f\u0131, g\u00f6rev yapt\u0131\u011f\u0131 s\u00fcre boyunca kentliler taraf\u0131ndan fark edilmedi\u011fi, isminin dahi bilinmedi\u011fi durumlara da s\u0131k rastlanmaktad\u0131r.<br>&nbsp;<br>B\u00f6lgenin ba\u015fl\u0131ca problemi b\u00f6lgeden elde edilen, biriken be\u015feri ve ekonomik sermayenin b\u00f6lge d\u0131\u015f\u0131na ta\u015f\u0131nmas\u0131 ve b\u00f6lge d\u0131\u015f\u0131na i\u015fg\u00fcc\u00fc g\u00f6\u00e7\u00fcd\u00fcr. Nitelikli e\u011fitim i\u00e7in b\u00f6lge d\u0131\u015f\u0131na \u00e7\u0131kan gen\u00e7lerin bir k\u0131sm\u0131 da b\u00f6lgedeki geleneksel ya\u015fam, i\u015f g\u00fcvencesizli\u011fi, keyfi \u00fccret politikas\u0131, i\u015f tan\u0131ms\u0131zl\u0131\u011f\u0131 gibi nedenlerle \u00f6\u011frenimleri bitince b\u00f6lgeye d\u00f6nmemektedir. B\u00f6lgedeki \u00e7o\u011fu aile i\u00e7in \u00e7ocuklar\u0131n\u0131n ve akrabalar\u0131n\u0131n b\u00f6lge d\u0131\u015f\u0131na kal\u0131c\u0131 yerle\u015fmesi bir sosyal stat\u00fc olarak alg\u0131lanmaktad\u0131r. E\u011fitimdeki eksiklikler b\u00f6lgenin be\u015feri sermaye geli\u015fimini yava\u015flat\u0131rken, mevcut entelekt\u00fcel birikim de b\u00f6lgeyi terk etmektedir.<br>&nbsp;<br>Partisine bak\u0131lmaks\u0131z\u0131n g\u00fcn\u00fcm\u00fcze dek g\u00f6rev yapm\u0131\u015f her bir milletvekili b\u00f6lgenin sosyo-ekonomik geli\u015fmi\u015flik d\u00fczeyinden ve e\u011filiminden sorumludur. Milletvekillerinin performans\u0131n\u0131n en \u00f6nemli \u00f6l\u00e7\u00fctlerinden biri b\u00f6lgenin sosyoekonomik geli\u015fmi\u015fli\u011fidir. Toplam 27 h\u00fck\u00fcmet d\u00f6nemi boyunca Do\u011fu ve G\u00fcneydo\u011fu Anadolu b\u00f6lge kentlerinin hemen hemen t\u00fcm\u00fc sosyoekonomik geli\u015fmi\u015flik s\u0131ralamas\u0131n\u0131n sonlar\u0131nda yer almaktad\u0131r.<br>&nbsp;<br>Anayasan\u0131n 80. maddesi, \u201cT\u00fcrkiye B\u00fcy\u00fck Millet Meclisi \u00fcyeleri, se\u00e7ildikleri b\u00f6lgeyi ya da kendilerini se\u00e7enleri de\u011fil, b\u00fct\u00fcn milleti temsil ederler.\u201d demesine ra\u011fmen, 1923\u2019ten beri b\u00f6lge d\u0131\u015f\u0131ndan ve i\u00e7inden milletvekillerinin b\u00f6lgenin geri kalm\u0131\u015fl\u0131\u011f\u0131n\u0131n sona erdirilmesi \u00e7abalar\u0131 da sonucu de\u011fi\u015ftirmemi\u015ftir.<br>&nbsp;<br>Halk\u0131n iradesinin parlamentoya yans\u0131mas\u0131, parlamentoya yans\u0131yan iradenin halk\u0131n ihtiya\u00e7lar\u0131na yan\u0131t verebilmesi d\u00f6ng\u00fcs\u00fc noktas\u0131nda adaylar\u0131n b\u00f6lge temsiliyetinde de\u011fi\u015fikli\u011fe gidilmelidir.&nbsp; Siyasi partilerin milletvekillerini belirleme s\u00fcre\u00e7 ve y\u00f6ntemlerini tart\u0131\u015fmaks\u0131z\u0131n, se\u00e7menin siyasi e\u011filimini ele\u015ftirmeksizin; siyasi partilerin ve se\u00e7menlerin milletvekili ve belediye ba\u015fkan adaylar\u0131n\u0131n niteli\u011fine dikkat etmeleri gerekmektedir.<br>&nbsp;<br>Aday adaylar\u0131 aras\u0131ndan b\u00f6lge i\u00e7in belirlenecek adaylar\u0131n b\u00f6lgenin sosyo-ekonomik yap\u0131s\u0131n\u0131 iyile\u015ftirilmesi i\u00e7in \u015fu asgari kriterleri ta\u015f\u0131mas\u0131n\u0131 \u00f6nermekteyiz:<br>&nbsp;<br>\u00b7&nbsp;&nbsp;&nbsp;&nbsp;&nbsp;&nbsp;&nbsp;&nbsp; Kent hakk\u0131 kavram\u0131 ve uygulanmas\u0131 \u00fczerine bilgi sahibi olma,<\/p>\n\n\n\n<p>\u00b7&nbsp;&nbsp;&nbsp;&nbsp;&nbsp;&nbsp;&nbsp;&nbsp; B\u00f6lgenin kentlile\u015fme durumu \u00fczerine bilgi ve proje sahibi olma,<\/p>\n\n\n\n<p>\u00b7&nbsp;&nbsp;&nbsp;&nbsp;&nbsp;&nbsp;&nbsp;&nbsp; B\u00f6lgenin ekonomik, sosyal ve e\u011fitim durumunu, olanaklar\u0131n\u0131 ve kapasitesini uzman derecesinde bilme,<\/p>\n\n\n\n<p>\u00b7&nbsp;&nbsp;&nbsp;&nbsp;&nbsp;&nbsp;&nbsp;&nbsp; B\u00f6lgenin end\u00fcstriyel \u00f6zelliklerini bilme ve somut olarak hangi sekt\u00f6rlerde fabrika ve\/veya sanayile\u015fmeye gidilece\u011fine dair rapor sunmak,<\/p>\n\n\n\n<p>\u00b7&nbsp;&nbsp;&nbsp;&nbsp;&nbsp;&nbsp;&nbsp;&nbsp; B\u00f6lgenin \u00f6ncelikle g\u00f6\u00e7 vermesini engellemek ve sosyal yard\u0131m alan ki\u015fi say\u0131s\u0131n\u0131 azaltmak i\u00e7in istihdam\u0131 art\u0131rmak,<\/p>\n\n\n\n<p>\u00b7&nbsp;&nbsp;&nbsp;&nbsp;&nbsp;&nbsp;&nbsp;&nbsp;\u00c7o\u011funlu\u011fu b\u00f6lge insanlar\u0131ndan olu\u015fan mevsimlik tar\u0131m ve turizm i\u015f\u00e7isi say\u0131n\u0131n azalt\u0131lmas\u0131,<\/p>\n\n\n\n<p>\u00b7&nbsp;&nbsp;&nbsp;&nbsp;&nbsp;&nbsp;&nbsp;&nbsp; Yerle\u015fim yerlerinin altyap\u0131 sorunlar\u0131n\u0131 giderme,<\/p>\n\n\n\n<p>\u00b7&nbsp;&nbsp;&nbsp;&nbsp;&nbsp;&nbsp;&nbsp;&nbsp;Deprem, sel gibi do\u011fal affetlere haz\u0131rl\u0131kl\u0131 olmas\u0131 i\u00e7in yo\u011fun ve gerekti\u011fi gibi haz\u0131rl\u0131k yap\u0131lmas\u0131n\u0131 koordine etme,<\/p>\n\n\n\n<p>\u00b7&nbsp;&nbsp;&nbsp;&nbsp;&nbsp;&nbsp;&nbsp;&nbsp;Hizmetin her alan\u0131nda denetimlerin art\u0131r\u0131lmas\u0131,<\/p>\n\n\n\n<p>\u00b7&nbsp;&nbsp;&nbsp;&nbsp;&nbsp;&nbsp;&nbsp;&nbsp; Her bir meslek odas\u0131n\u0131n kendi meslek grubuna ait sorunlar\u0131n\u0131 ve eksikliklerini belirlemek, gidermek i\u00e7in \u00f6n \u00e7al\u0131\u015fmalar yapm\u0131\u015f olma,<\/p>\n\n\n\n<p>\u00b7&nbsp;&nbsp;&nbsp;&nbsp;&nbsp;&nbsp;&nbsp;&nbsp; B\u00f6lgede uyu\u015fturucu \u00fcretimi, i\u015flenmesi, da\u011f\u0131t\u0131m\u0131 ve kullan\u0131m\u0131n\u0131n \u00f6nlenmesi i\u00e7in projelerinin olmas\u0131,<\/p>\n\n\n\n<p>\u00b7&nbsp;&nbsp;&nbsp;&nbsp;&nbsp;&nbsp;&nbsp;&nbsp; B\u00f6lgede b\u00fcy\u00fck ve k\u00fc\u00e7\u00fck \u00f6l\u00e7ekli i\u015fletmelerin sorunlar\u0131n\u0131 bilme ve \u00e7\u00f6z\u00fcm \u00f6nerme,<\/p>\n\n\n\n<p>\u00b7&nbsp;&nbsp;&nbsp;&nbsp;&nbsp;&nbsp;&nbsp;&nbsp; B\u00f6lgede \u00e7al\u0131\u015fanlar\u0131n s\u00f6m\u00fcr\u00fclmesinin \u00f6n\u00fcne ge\u00e7mek i\u00e7in i\u015f g\u00fcvencesini ve i\u015f\u00e7i \u00fccreti politikas\u0131n\u0131 takip etmek,<\/p>\n\n\n\n<p>\u00b7&nbsp;&nbsp;&nbsp;&nbsp;&nbsp;&nbsp;&nbsp;&nbsp; B\u00f6lgede her bir i\u015f alan\u0131nda i\u015fyeri g\u00fcvenli\u011fi ve sa\u011fl\u0131\u011f\u0131n\u0131 sa\u011flamak ve yasalara uygun hale getirmek i\u00e7in ba\u011f\u0131ms\u0131z \u00e7al\u0131\u015fmalar y\u00fcr\u00fctecek ekibe sahip olmak,<\/p>\n\n\n\n<p>\u00b7&nbsp;&nbsp;&nbsp;&nbsp;&nbsp;&nbsp;&nbsp;&nbsp; B\u00f6lgede konu\u015fulan T\u00fcrk\u00e7e d\u0131\u015f\u0131ndaki anadillerini kapsayan \u00e7okdilli e\u011fitime ge\u00e7i\u015f i\u00e7in alt yap\u0131n\u0131n h\u0131zla \u00f6r\u00fclmesinde evrensel birikimi i\u00e7eren haz\u0131rl\u0131k yapm\u0131\u015f olma,<\/p>\n\n\n\n<p>\u00b7&nbsp;&nbsp;&nbsp;&nbsp;&nbsp;&nbsp;&nbsp;&nbsp; B\u00f6lgenin her il ve il\u00e7esinde spor, k\u00fclt\u00fcr ve sanat merkezlerinin yap\u0131lmas\u0131,<\/p>\n\n\n\n<p>\u00b7&nbsp;&nbsp;&nbsp;&nbsp;&nbsp;&nbsp;&nbsp;&nbsp; Toplu ta\u015f\u0131mac\u0131l\u0131\u011f\u0131n reforme ve modernize edilmesi,<\/p>\n\n\n\n<p>\u00b7&nbsp;&nbsp;&nbsp;&nbsp;&nbsp;&nbsp;&nbsp;&nbsp; Tar\u0131m sekt\u00f6r\u00fcnde mevcut olumsuz al\u0131\u015fkanl\u0131klar\u0131n tespit edilerek \u00f6nleyici \u00e7al\u0131\u015fmalar yap\u0131lmas\u0131,<\/p>\n\n\n\n<p>\u00b7&nbsp;&nbsp;&nbsp;&nbsp;&nbsp;&nbsp;&nbsp;&nbsp; Tarihi eserlerin, tarihi ve k\u00fclt\u00fcrel alanlar\u0131n korunmas\u0131, \u00e7evre temizli\u011finin sa\u011flanmas\u0131 ve toplumsal duyarl\u0131l\u0131k art\u0131r\u0131c\u0131 \u00e7al\u0131\u015fmalar yap\u0131lmas\u0131.<\/p>\n\n\n\n<p>Se\u00e7menlerin siyasi partilerin belirledikleri adaylar\u0131n bu kriterlere g\u00f6re de\u011ferlendirilmesi ve belirlenmesi b\u00f6lgemizin \u00e7a\u011fc\u0131ll\u0131\u011f\u0131n\u0131, dengeli gelir da\u011f\u0131l\u0131m\u0131n\u0131, rekabet g\u00fcc\u00fcn\u00fc ve refah\u0131n\u0131 art\u0131racakt\u0131r.<br>Kent Hakk\u0131 Giri\u015fimi<br>Kuzey Y\u0131ld\u0131z\u0131&nbsp;Platformu<\/p>\n<\/div><\/div>\n\n\n\n<ul class=\"wp-block-social-links is-layout-flex wp-block-social-links-is-layout-flex\">\n\n\n\n\n\n<\/ul>\n","protected":false},"excerpt":{"rendered":"<p>B\u00f6lgenin di\u011fer b\u00f6lgelerden gerili\u011fini a\u015fman\u0131n en \u00f6nemli a\u015famalar\u0131ndan biri de b\u00f6lge se\u00e7meninin siyasi e\u011filimini bir tarafa b\u0131rakmaks\u0131z\u0131n milletvekili, belediye ba\u015fkan\u0131 ve muhtar se\u00e7imlerinde hizmet odakl\u0131 ve sorun giderici adaya yetki vermesidir. B\u00f6lge se\u00e7meni, soya, varl\u0131kl\u0131l\u0131\u011fa, n\u00fcfuza, g\u00fcce dayal\u0131; dahas\u0131, b\u00f6lgeden olmayan aday yerine liyakatl\u0131, \u00e7a\u011f\u0131n de\u011ferleriyle ya\u015fayan, yenilik\u00e7i, vizyon sahibi ve \u00fcretken adaylar\u0131 tercih etmelidir.&nbsp;B\u00f6lgemizin [&hellip;]<\/p>\n","protected":false},"author":1,"featured_media":0,"comment_status":"open","ping_status":"open","sticky":false,"template":"","format":"link","meta":{"footnotes":""},"categories":[1],"tags":[],"class_list":["post-34","post","type-post","status-publish","format-link","hentry","category-uncategorized","post_format-post-format-link"],"_links":{"self":[{"href":"https:\/\/www.kenthakki.org\/index.php?rest_route=\/wp\/v2\/posts\/34","targetHints":{"allow":["GET"]}}],"collection":[{"href":"https:\/\/www.kenthakki.org\/index.php?rest_route=\/wp\/v2\/posts"}],"about":[{"href":"https:\/\/www.kenthakki.org\/index.php?rest_route=\/wp\/v2\/types\/post"}],"author":[{"embeddable":true,"href":"https:\/\/www.kenthakki.org\/index.php?rest_route=\/wp\/v2\/users\/1"}],"replies":[{"embeddable":true,"href":"https:\/\/www.kenthakki.org\/index.php?rest_route=%2Fwp%2Fv2%2Fcomments&post=34"}],"version-history":[{"count":9,"href":"https:\/\/www.kenthakki.org\/index.php?rest_route=\/wp\/v2\/posts\/34\/revisions"}],"predecessor-version":[{"id":438,"href":"https:\/\/www.kenthakki.org\/index.php?rest_route=\/wp\/v2\/posts\/34\/revisions\/438"}],"wp:attachment":[{"href":"https:\/\/www.kenthakki.org\/index.php?rest_route=%2Fwp%2Fv2%2Fmedia&parent=34"}],"wp:term":[{"taxonomy":"category","embeddable":true,"href":"https:\/\/www.kenthakki.org\/index.php?rest_route=%2Fwp%2Fv2%2Fcategories&post=34"},{"taxonomy":"post_tag","embeddable":true,"href":"https:\/\/www.kenthakki.org\/index.php?rest_route=%2Fwp%2Fv2%2Ftags&post=34"}],"curies":[{"name":"wp","href":"https:\/\/api.w.org\/{rel}","templated":true}]}}